{"id":1809,"date":"2023-09-08T11:46:59","date_gmt":"2023-09-08T09:46:59","guid":{"rendered":"https:\/\/www.fournilhtm.be\/htm\/?p=1809"},"modified":"2023-09-08T11:46:59","modified_gmt":"2023-09-08T09:46:59","slug":"presentation-publique-du-projet-de-four-a-evere","status":"publish","type":"post","link":"https:\/\/www.fournilhtm.be\/htm\/2023\/09\/08\/presentation-publique-du-projet-de-four-a-evere\/","title":{"rendered":"Pr\u00e9sentation publique du projet de four \u00e0 Evere"},"content":{"rendered":"<p><img loading=\"lazy\" decoding=\"async\" class=\"alignright size-medium wp-image-1811\" src=\"https:\/\/www.fournilhtm.be\/htm\/wp-content\/uploads\/2023\/09\/IMG-20230907-WA0018-169x300.jpg\" alt=\"\" width=\"169\" height=\"300\" srcset=\"https:\/\/www.fournilhtm.be\/htm\/wp-content\/uploads\/2023\/09\/IMG-20230907-WA0018-169x300.jpg 169w, https:\/\/www.fournilhtm.be\/htm\/wp-content\/uploads\/2023\/09\/IMG-20230907-WA0018-576x1024.jpg 576w, https:\/\/www.fournilhtm.be\/htm\/wp-content\/uploads\/2023\/09\/IMG-20230907-WA0018-768x1365.jpg 768w, https:\/\/www.fournilhtm.be\/htm\/wp-content\/uploads\/2023\/09\/IMG-20230907-WA0018-864x1536.jpg 864w, https:\/\/www.fournilhtm.be\/htm\/wp-content\/uploads\/2023\/09\/IMG-20230907-WA0018.jpg 1080w\" sizes=\"auto, (max-width: 169px) 100vw, 169px\" \/>Ce vendredi 8 septembre a eu lieu au Moulin d&rsquo;Evere la pr\u00e9sentation publique du projet de four \u00e0 pain communautaire \u00e0 Evere.<\/p>\n<p>La r\u00e9union a rassembl\u00e9 une cinquantaine de personnes du quartier, sous la pr\u00e9sidence de Mr le Bourgmestre Ridouane Chahid.<\/p>\n<p>Le projet consiste \u00e0<\/p>\n<ul>\n<li>constuire un four \u00e0 pain sur le site du Moulin d&rsquo;Evere (\u00e0 cette date, les fondations sont termin\u00e9es)<\/li>\n<li>proposer des formations de boulangerie traditionnelles<\/li>\n<li>proposer un lieu de cuisson pour les habitants (four banal)<\/li>\n<\/ul>\n<p>L&rsquo;\u00e9quipe a r\u00e9uni les coordonn\u00e9es des personnes int\u00e9ress\u00e9es pour la suite et va continuer la construction du fours.<\/p>\n<p>Si amateurs, prenez contact \ud83d\ude42<\/p>\n","protected":false},"excerpt":{"rendered":"<p>Ce vendredi 8 septembre a eu lieu au Moulin d&rsquo;Evere la pr\u00e9sentation publique du projet de four \u00e0 pain communautaire \u00e0 Evere. La r\u00e9union a rassembl\u00e9 une cinquantaine de personnes du quartier, sous la pr\u00e9sidence de Mr le Bourgmestre Ridouane Chahid. Le projet consiste \u00e0 constuire un four \u00e0 pain&#8230;<\/p>\n","protected":false},"author":1,"featured_media":1811,"comment_status":"closed","ping_status":"closed","sticky":false,"template":"","format":"standard","meta":{"_bbp_topic_count":0,"_bbp_reply_count":0,"_bbp_total_topic_count":0,"_bbp_total_reply_count":0,"_bbp_voice_count":0,"_bbp_anonymous_reply_count":0,"_bbp_topic_count_hidden":0,"_bbp_reply_count_hidden":0,"_bbp_forum_subforum_count":0,"footnotes":""},"categories":[11],"tags":[],"class_list":["post-1809","post","type-post","status-publish","format-standard","has-post-thumbnail","hentry","category-news_fournil"],"_links":{"self":[{"href":"https:\/\/www.fournilhtm.be\/htm\/wp-json\/wp\/v2\/posts\/1809","targetHints":{"allow":["GET"]}}],"collection":[{"href":"https:\/\/www.fournilhtm.be\/htm\/wp-json\/wp\/v2\/posts"}],"about":[{"href":"https:\/\/www.fournilhtm.be\/htm\/wp-json\/wp\/v2\/types\/post"}],"author":[{"embeddable":true,"href":"https:\/\/www.fournilhtm.be\/htm\/wp-json\/wp\/v2\/users\/1"}],"replies":[{"embeddable":true,"href":"https:\/\/www.fournilhtm.be\/htm\/wp-json\/wp\/v2\/comments?post=1809"}],"version-history":[{"count":1,"href":"https:\/\/www.fournilhtm.be\/htm\/wp-json\/wp\/v2\/posts\/1809\/revisions"}],"predecessor-version":[{"id":1812,"href":"https:\/\/www.fournilhtm.be\/htm\/wp-json\/wp\/v2\/posts\/1809\/revisions\/1812"}],"wp:featuredmedia":[{"embeddable":true,"href":"https:\/\/www.fournilhtm.be\/htm\/wp-json\/wp\/v2\/media\/1811"}],"wp:attachment":[{"href":"https:\/\/www.fournilhtm.be\/htm\/wp-json\/wp\/v2\/media?parent=1809"}],"wp:term":[{"taxonomy":"category","embeddable":true,"href":"https:\/\/www.fournilhtm.be\/htm\/wp-json\/wp\/v2\/categories?post=1809"},{"taxonomy":"post_tag","embeddable":true,"href":"https:\/\/www.fournilhtm.be\/htm\/wp-json\/wp\/v2\/tags?post=1809"}],"curies":[{"name":"wp","href":"https:\/\/api.w.org\/{rel}","templated":true}]}}