{"id":1266,"date":"2019-09-20T00:11:00","date_gmt":"2019-09-19T22:11:00","guid":{"rendered":"https:\/\/www.fournilhtm.be\/htm\/?p=1266"},"modified":"2019-09-20T00:11:00","modified_gmt":"2019-09-19T22:11:00","slug":"notre-equipe-dans-autrement-sur-bx1","status":"publish","type":"post","link":"https:\/\/www.fournilhtm.be\/htm\/2019\/09\/20\/notre-equipe-dans-autrement-sur-bx1\/","title":{"rendered":"Notre \u00e9quipe dans \u00ab\u00a0Autrement\u00a0\u00bb, sur BX1"},"content":{"rendered":"<div id=\"pl-1266\"  class=\"panel-layout\" ><div id=\"pg-1266-0\"  class=\"panel-grid panel-no-style\" ><div id=\"pgc-1266-0-0\"  class=\"panel-grid-cell\" ><div id=\"panel-1266-0-0-0\" class=\"so-panel widget widget_mla-text-widget mla_text_widget panel-first-child\" data-index=\"0\" >\t\t\t<div class=\"textwidget\">Dans Autrement, Cyprien Houdmont revient sur la tradition du pain et le retour en force des boulangers en R\u00e9gion bruxelloise. D\u00e9couvrez comment faire du levain, faire votre pain et comment trouver un four \u00e0 bois traditionnel \u00e0 Bruxelles.\n\nAutour de la table :\n- Alain Doornaert, du moulin Hof ter Musschen\n- Elvira Cerda, boulang\u00e8re passionn\u00e9e \n- Mathieu Devuyst, boulanger autodidacte\n- Coralie Ferrier, boulang\u00e8re <\/div>\t\t<\/div><div id=\"panel-1266-0-0-1\" class=\"so-panel widget widget_media_video panel-last-child\" data-index=\"1\" ><div style=\"width:100%;\" class=\"wp-video\"><video class=\"wp-video-shortcode\" id=\"video-1266-1\" preload=\"metadata\" controls=\"controls\"><source type=\"video\/youtube\" src=\"https:\/\/www.youtube.com\/watch?v=ihcNZSniK2I&#038;_=1\" \/><a href=\"https:\/\/www.youtube.com\/watch?v=ihcNZSniK2I\">https:\/\/www.youtube.com\/watch?v=ihcNZSniK2I<\/a><\/video><\/div><\/div><\/div><\/div><\/div>","protected":false},"excerpt":{"rendered":"<p>Dans Autrement, Cyprien Houdmont revient sur la tradition du pain et le retour en force des boulangers en R\u00e9gion bruxelloise. D\u00e9couvrez comment faire du levain, faire votre pain et comment trouver un four \u00e0 bois traditionnel \u00e0 Bruxelles. Autour de la table : &#8211; Alain Doornaert, du moulin Hof ter&#8230;<\/p>\n","protected":false},"author":1,"featured_media":0,"comment_status":"closed","ping_status":"closed","sticky":false,"template":"","format":"standard","meta":{"_bbp_topic_count":0,"_bbp_reply_count":0,"_bbp_total_topic_count":0,"_bbp_total_reply_count":0,"_bbp_voice_count":0,"_bbp_anonymous_reply_count":0,"_bbp_topic_count_hidden":0,"_bbp_reply_count_hidden":0,"_bbp_forum_subforum_count":0,"footnotes":""},"categories":[1],"tags":[],"class_list":["post-1266","post","type-post","status-publish","format-standard","hentry","category-non-classe"],"_links":{"self":[{"href":"https:\/\/www.fournilhtm.be\/htm\/wp-json\/wp\/v2\/posts\/1266","targetHints":{"allow":["GET"]}}],"collection":[{"href":"https:\/\/www.fournilhtm.be\/htm\/wp-json\/wp\/v2\/posts"}],"about":[{"href":"https:\/\/www.fournilhtm.be\/htm\/wp-json\/wp\/v2\/types\/post"}],"author":[{"embeddable":true,"href":"https:\/\/www.fournilhtm.be\/htm\/wp-json\/wp\/v2\/users\/1"}],"replies":[{"embeddable":true,"href":"https:\/\/www.fournilhtm.be\/htm\/wp-json\/wp\/v2\/comments?post=1266"}],"version-history":[{"count":2,"href":"https:\/\/www.fournilhtm.be\/htm\/wp-json\/wp\/v2\/posts\/1266\/revisions"}],"predecessor-version":[{"id":1268,"href":"https:\/\/www.fournilhtm.be\/htm\/wp-json\/wp\/v2\/posts\/1266\/revisions\/1268"}],"wp:attachment":[{"href":"https:\/\/www.fournilhtm.be\/htm\/wp-json\/wp\/v2\/media?parent=1266"}],"wp:term":[{"taxonomy":"category","embeddable":true,"href":"https:\/\/www.fournilhtm.be\/htm\/wp-json\/wp\/v2\/categories?post=1266"},{"taxonomy":"post_tag","embeddable":true,"href":"https:\/\/www.fournilhtm.be\/htm\/wp-json\/wp\/v2\/tags?post=1266"}],"curies":[{"name":"wp","href":"https:\/\/api.w.org\/{rel}","templated":true}]}}